{"id":2706,"date":"2020-02-09T20:59:40","date_gmt":"2020-02-09T19:59:40","guid":{"rendered":"https:\/\/www.fraser-of-lovat-germany.de\/?p=2706"},"modified":"2020-02-09T20:59:40","modified_gmt":"2020-02-09T19:59:40","slug":"das-17-jahrhundert-und-der-buergerkrieg","status":"publish","type":"post","link":"https:\/\/www.fraser-of-lovat-germany.de\/en\/geschichte\/2020\/02\/das-17-jahrhundert-und-der-buergerkrieg\/","title":{"rendered":"Das 17. Jahrhundert und der B\u00fcrgerkrieg"},"content":{"rendered":"<h2>1645 Die Schlacht von Auldearn<\/h2>\n<p>1645, in der Schlacht von Auldearn, in Nairnshire, widersetzte sich der Clan dem k\u00f6niglichen F\u00fchrer James Graham, 1. Marquess of Montrose, und k\u00e4mpfte unter einem Fraser of Struy (aus einem kleinen Dorf an der M\u00fcndung von Glen Strathfarrar). Die Schlacht brachte 87 Fraser-Witwen hervor. Ein Gedicht \u00fcber die Schlacht lautet:<\/p>\n<blockquote><p>&#8220;Hier t\u00f6tet Fraser Fraser, ein Browndoth t\u00f6tet einen Browndoth.<br \/>\nein Bold einen Bold einen Bold, und Lieth&#8217;s von Lieth wurde gest\u00fcrzt.<br \/>\nEin Forbes gegen ein Forbes und ihre Doeth stehen,<br \/>\nUnd Drummonds k\u00e4mpfen mit Drummonds Hand in Hand.<br \/>\nDort verursacht der Dith Magill den Tod eines Magills,<br \/>\nund Gordon hat die Kraft von Gordon, es zu versuchen.<br \/>\nOh! Schottland, waren sie doch verr\u00fcckt? Abseits deiner eigenen einheimischen Schlucht.<br \/>\nSo viel bis jetzt, dass du noch nie zuvor vergossen hast.&#8221;<\/p><\/blockquote>\n<h2>1649 Die zweite Belagerung von Inverness<\/h2>\n<p>1649 griff der Clan Fraser of Lovat unter Oberst Hugh Fraser zum zweiten Mal das Schloss Inverness an, diesmal w\u00e4hrend eines royalistischen Aufstandes, zusammen mit John Munro von Lemlair, Thomas Urquhart und Thomas Mackenzie von Pluscardine. Sie alle waren gegen die Autorit\u00e4t des Parlaments, griffen die Stadt an und nahmen die Burg in der Belagerung von Inverness (1649) ein. Dann vertrieben sie die Garnison und errichteten die Befestigungen. Auf dem Weg der parlamentarischen Kr\u00e4fte unter der F\u00fchrung von General Leslie zogen sich die Clans jedoch zur\u00fcck nach Rossshire.<\/p>\n<h2>Weitere Konflikte zwischen 1650 und 1689<\/h2>\n<p>Im Laufe des n\u00e4chsten Jahres fanden mehrere Scharm\u00fctzel zwischen diesen Parteien statt. W\u00e4hrend der Belagerung von Inverness <strong>(1650)<\/strong> verteidigten die Covenanter Frasers of Lovat unter Sir James Fraser von Brea erfolgreich Inverness Castle gegen die Royalisten.<\/p>\n<p><strong>1650<\/strong>, in der Schlacht von Dunbar, k\u00e4mpfte der Clan Fraser gegen die Truppen von Oliver Cromwell. Doch die B\u00fcndnispartner wurden besiegt.<\/p>\n<p><strong>1651<\/strong> trat der Clan Fraser der Armee Karls II. in Stirling bei. Sie k\u00e4mpften in der Schlacht von Worcester, wo die Armee des K\u00f6nigs von Oliver Cromwells New Model Army besiegt wurde.<\/p>\n<p><strong>1689<\/strong> setzte die Glorreiche Revolution den r\u00f6misch-katholischen K\u00f6nig James VII. als Monarch von England ab und ersetzte den K\u00f6nig durch seine protestantische Tochter Mary, ihrem Mann und Cousin William von Orange. Eilig daraufhin wurde im M\u00e4rz in Edinburgh eine Konvention der St\u00e4nde einberufen, die William &amp; Mary als gemeinsame Monarchen von Schottland unterst\u00fctzte. Doch zu weiten Teilen Schottlands, insbesondere in den Highlands, galt James immer noch als der rechtm\u00e4\u00dfige, legitime K\u00f6nig.<\/p>\n<p>Am <strong>16. April 1689<\/strong> hob John Graham von Claverhouse, Vicunt of Dundee, sp\u00e4ter bekannt als Bonnie Dundee, den k\u00f6niglichen Rang des k\u00fcrzlich abgesetzten K\u00f6nigs James VII. auf der Anh\u00f6he des Dundee Law an. Viele der Highland-Clans sammelten sich schnell an seiner Seite. Der Chief des Clan Fraser, Hugh Fraser, versuchte, die Mitglieder seines Clans davon abzuhalten, sich dem Aufstand anzuschlie\u00dfen, ohne Erfolg: Der Clan marschierte ohne ihn und k\u00e4mpfte in der Schlacht von Killiecrankie.<\/p>\n","protected":false},"excerpt":{"rendered":"<p>1645 Die Schlacht von Auldearn 1645, in der Schlacht von Auldearn, in Nairnshire, widersetzte sich der Clan dem k\u00f6niglichen F\u00fchrer James Graham, 1. Marquess of Montrose, und k\u00e4mpfte unter einem Fraser of Struy (aus einem kleinen Dorf an der M\u00fcndung von Glen Strathfarrar). Die Schlacht brachte 87 Fraser-Witwen hervor. Ein Gedicht \u00fcber die Schlacht lautet: &hellip; <a href=\"https:\/\/www.fraser-of-lovat-germany.de\/en\/geschichte\/2020\/02\/das-17-jahrhundert-und-der-buergerkrieg\/\" class=\"more-link\">Continue reading<span class=\"screen-reader-text\"> &#8220;Das 17. Jahrhundert und der B\u00fcrgerkrieg&#8221;<\/span><\/a><\/p>\n","protected":false},"author":1,"featured_media":1004,"comment_status":"closed","ping_status":"closed","sticky":false,"template":"","format":"standard","meta":{"_acf_changed":false,"footnotes":""},"categories":[13],"tags":[],"class_list":["post-2706","post","type-post","status-publish","format-standard","has-post-thumbnail","hentry","category-geschichte"],"acf":[],"publishpress_future_action":{"enabled":false,"date":"2026-05-06 18:37:12","action":"change-status","newStatus":"draft","terms":[],"taxonomy":"category","extraData":[]},"publishpress_future_workflow_manual_trigger":{"enabledWorkflows":[]},"_links":{"self":[{"href":"https:\/\/www.fraser-of-lovat-germany.de\/en\/wp-json\/wp\/v2\/posts\/2706","targetHints":{"allow":["GET"]}}],"collection":[{"href":"https:\/\/www.fraser-of-lovat-germany.de\/en\/wp-json\/wp\/v2\/posts"}],"about":[{"href":"https:\/\/www.fraser-of-lovat-germany.de\/en\/wp-json\/wp\/v2\/types\/post"}],"author":[{"embeddable":true,"href":"https:\/\/www.fraser-of-lovat-germany.de\/en\/wp-json\/wp\/v2\/users\/1"}],"replies":[{"embeddable":true,"href":"https:\/\/www.fraser-of-lovat-germany.de\/en\/wp-json\/wp\/v2\/comments?post=2706"}],"version-history":[{"count":0,"href":"https:\/\/www.fraser-of-lovat-germany.de\/en\/wp-json\/wp\/v2\/posts\/2706\/revisions"}],"wp:featuredmedia":[{"embeddable":true,"href":"https:\/\/www.fraser-of-lovat-germany.de\/en\/wp-json\/wp\/v2\/media\/1004"}],"wp:attachment":[{"href":"https:\/\/www.fraser-of-lovat-germany.de\/en\/wp-json\/wp\/v2\/media?parent=2706"}],"wp:term":[{"taxonomy":"category","embeddable":true,"href":"https:\/\/www.fraser-of-lovat-germany.de\/en\/wp-json\/wp\/v2\/categories?post=2706"},{"taxonomy":"post_tag","embeddable":true,"href":"https:\/\/www.fraser-of-lovat-germany.de\/en\/wp-json\/wp\/v2\/tags?post=2706"}],"curies":[{"name":"wp","href":"https:\/\/api.w.org\/{rel}","templated":true}]}}